{"id":1198,"date":"2024-11-04T16:33:30","date_gmt":"2024-11-04T13:33:30","guid":{"rendered":"https:\/\/www.eyuboglu.av.tr\/?p=1198"},"modified":"2024-11-07T13:31:17","modified_gmt":"2024-11-07T10:31:17","slug":"rekabet-kurumu-is-gucu-piyasalarindaki-rekabet-ihlallerine-yonelik-kilavuz-taslagini-kamuoyu-gorusune-sunmustur","status":"publish","type":"post","link":"https:\/\/www.eyuboglu.av.tr\/en\/rekabet-kurumu-is-gucu-piyasalarindaki-rekabet-ihlallerine-yonelik-kilavuz-taslagini-kamuoyu-gorusune-sunmustur\/","title":{"rendered":"Rekabet Kurumu, \u0130\u015f G\u00fcc\u00fc Piyasalar\u0131ndaki Rekabet \u0130hlallerine Y\u00f6nelik K\u0131lavuz Tasla\u011f\u0131\u2019n\u0131 kamuoyu g\u00f6r\u00fc\u015f\u00fcne sunmu\u015ftur."},"content":{"rendered":"<p><strong>Rekabet Kurumu, \u0130\u015f G\u00fcc\u00fc Piyasalar\u0131ndaki Rekabet \u0130hlallerine Y\u00f6nelik K\u0131lavuz Tasla\u011f\u0131\u2019n\u0131 kamuoyu g\u00f6r\u00fc\u015f\u00fcne sunmu\u015ftur.<\/strong><\/p>\n<p>&nbsp;<\/p>\n<p>Rekabet kurumu taraf\u0131ndan yap\u0131lan a\u00e7\u0131klama kapsam\u0131nda, eme\u011fe y\u00f6nelik rekabetin esas oldu\u011fu i\u015f g\u00fcc\u00fc piyasalar\u0131n\u0131n temel yap\u0131sal \u00f6zelli\u011fi \u00e7ok say\u0131da \u00e7al\u0131\u015fan kar\u015f\u0131s\u0131nda az say\u0131da i\u015fverenin faaliyet g\u00f6stermesi oldu\u011fu belirtilmi\u015ftir.<\/p>\n<p>Bu \u00f6zelli\u011fin pazarda, \u00e7al\u0131\u015fanlar\u0131n \u00fccret ve di\u011fer \u00e7al\u0131\u015fma ko\u015fullar\u0131na y\u00f6nelik i\u015fveren lehine bir dengesizlik olu\u015fturdu\u011funa i\u015faret edilen a\u00e7\u0131klamada, i\u015fverenler aras\u0131nda \u00e7al\u0131\u015fanlar\u0131n hareketlili\u011fiyle \u00fccret ve di\u011fer \u00e7al\u0131\u015fma ko\u015fullar\u0131na y\u00f6nelik ger\u00e7ekle\u015ftirilen rekabeti s\u0131n\u0131rlay\u0131c\u0131 davran\u0131\u015flar\u0131n var olan dengesizli\u011fi daha da derinle\u015ftirdi\u011fine dikkat \u00e7ekilmektedir. A\u00e7\u0131klanan sebeplerle son y\u0131llarda Rekabet Kurumu d\u00e2hil bir\u00e7ok rekabet otoritesinin g\u00fcndemini me\u015fgul eden bu yeni ve \u00f6nemli alanda, 4054 say\u0131l\u0131 Rekabetin Korunmas\u0131 Hakk\u0131nda Kanun (4054 say\u0131l\u0131 Kanun) \u00e7er\u00e7evesinde i\u015f g\u00fcc\u00fc piyasalar\u0131na y\u00f6nelik olarak ger\u00e7ekle\u015fen ihlallere ili\u015fkin belirlili\u011fin sa\u011flanmas\u0131 gere\u011fi h\u00e2s\u0131l olmu\u015f; bu gereklili\u011fin sonucu olarak da yeni bir k\u0131lavuz tasla\u011f\u0131 haz\u0131rlanm\u0131\u015ft\u0131r.<\/p>\n<p>Haz\u0131rlanan \u201c\u0130\u015f G\u00fcc\u00fc Piyasalar\u0131ndaki Rekabet \u0130hlallerine Y\u00f6nelik K\u0131lavuz Tasla\u011f\u0131\u201d (\u0130\u015f G\u00fcc\u00fc K\u0131lavuzu Tasla\u011f\u0131) ile;<\/p>\n<ul>\n<li>\u0130\u015f g\u00fcc\u00fc piyasalar\u0131nda te\u015febb\u00fcsler aras\u0131nda ger\u00e7ekle\u015ftirilen davran\u0131\u015flar\u0131n 4054 say\u0131l\u0131 Kanun \u00e7er\u00e7evesindeki yerine ve \u00f6nemine,<\/li>\n<li>4054 say\u0131l\u0131 Kanun\u2019un 4. maddesi \u00e7er\u00e7evesinde i\u015f g\u00fcc\u00fc piyasalar\u0131na y\u00f6nelik olarak ger\u00e7ekle\u015febilecek ihlal t\u00fcrlerinin neler oldu\u011funa, Rekabet Kurulu taraf\u0131ndan bahse konu ihlallerin nas\u0131l de\u011ferlendirildi\u011fine\/de\u011ferlendirilece\u011fine ve ilgili ihlaller konusunda \u00fc\u00e7\u00fcnc\u00fc taraflarca dikkat edilmesi gereken hususlar\u0131n neler oldu\u011funa,<\/li>\n<li>\u0130\u015f g\u00fcc\u00fc piyasalar\u0131ndaki rakipler aras\u0131 anla\u015fmalara y\u00f6nelik yan s\u0131n\u0131rlama de\u011ferlendirmesinin hangi kriterler \u00e7er\u00e7evesinde yap\u0131ld\u0131\u011f\u0131na\/yap\u0131laca\u011f\u0131na,<\/li>\n<li>\u0130\u015f g\u00fcc\u00fc piyasalar\u0131ndaki anla\u015fma ve eylemlere 4054 say\u0131l\u0131 Kanun\u2019un 5. 6. ve 7. maddelerinin hangi kapsamda uygulanabilece\u011fine<\/li>\n<\/ul>\n<p>y\u00f6nelik temel ilkelerin ortaya konulmas\u0131 ama\u00e7lanm\u0131\u015ft\u0131r.<\/p>\n<p>\u0130\u015fg\u00fcc\u00fc piyasalar\u0131nda farkl\u0131 t\u00fcrde rekabet k\u0131s\u0131tlay\u0131c\u0131 anla\u015fmalar belirtilmi\u015f olup, iki anla\u015fma t\u00fcr\u00fcne dikkat \u00f6ne \u00e7\u0131kmaktad\u0131r.<\/p>\n<p>Bunlar;<\/p>\n<ul>\n<li>\u00dccret Tespiti Anla\u015fmalar\u0131: \u00c7al\u0131\u015fanlar\u0131n\u0131n \u00fccretlerini ve di\u011fer \u00e7al\u0131\u015fma ko\u015fullar\u0131n\u0131 tespit etme konusunda te\u015febb\u00fcslerin ortak hareket etmesine neden olacakt\u0131r. Bu do\u011frultuda \u00fccret tespiti anla\u015fmalar\u0131, te\u015febb\u00fcslerin \u00e7al\u0131\u015fanlar\u0131n\u0131n; \u00fccretleri, \u00fccretlere ili\u015fkin zam oranlar\u0131, \u00e7al\u0131\u015fma s\u00fcreleri, yan haklar\u0131, tazminatlar\u0131, fiziki \u00e7al\u0131\u015fma \u015fartlar\u0131, izin haklar\u0131, rekabet etmeme y\u00fck\u00fcml\u00fcl\u00fckleri gibi \u00e7al\u0131\u015fma ko\u015fullar\u0131n\u0131 birlikte belirledikleri anla\u015fmalar olarak tan\u0131mlanabilecektir.<\/li>\n<li>\u00c7al\u0131\u015fan Ayartmama Anla\u015fmalar\u0131: Te\u015febb\u00fcslerin birbirlerinin \u00e7al\u0131\u015fanlar\u0131n\u0131 istihdam etmemek konusunda uzla\u015ft\u0131\u011f\u0131 \u00e7al\u0131\u015fan ayartmama anla\u015fmalar\u0131d\u0131r. Te\u015febb\u00fcslerin, birbirlerinin \u00e7al\u0131\u015fanlar\u0131na i\u015f teklifinde bulunmay\u0131 veya birbirlerinin \u00e7al\u0131\u015fanlar\u0131n\u0131 i\u015fe almay\u0131 tamamen yasaklamad\u0131\u011f\u0131 fakat istihdam\u0131 birbirlerinden alacaklar\u0131 onaya yahut \u00e7al\u0131\u015fan\u0131n mevcut i\u015fvereninden alaca\u011f\u0131 onaya tabi k\u0131ld\u0131klar\u0131 durumlarda da bir \u00e7al\u0131\u015fan ayartmama anla\u015fmas\u0131n\u0131n varl\u0131\u011f\u0131ndan bahsedilebilecektir. Ayr\u0131ca bu anla\u015fmalar, te\u015febb\u00fcslerin aktif \u00e7al\u0131\u015fanlar\u0131na y\u00f6nelik olabilece\u011fi gibi eski \u00e7al\u0131\u015fanlar\u0131na y\u00f6nelik olarak da yap\u0131labilmektedir. Bu anlamda, kapsam\u0131 ve konusu farkl\u0131 olan \u00e7al\u0131\u015fan ayartmama anla\u015fmalar\u0131ndan bahsedilebilecekse de esas olan \u00e7al\u0131\u015fan hareketlili\u011fini k\u0131s\u0131tlamaya y\u00f6nelik rakipler aras\u0131 bir anla\u015fman\u0131n bulunup bulunmad\u0131\u011f\u0131d\u0131r.<\/li>\n<\/ul>\n<p>&nbsp;<\/p>\n<p>Tasla\u011f\u0131n tam metnine ula\u015fmak i\u00e7in Rekabet Kurumunun internet sitesiniz ziyaret edebilirsiniz.<\/p>\n<p>&nbsp;<\/p>\n<p>&nbsp;<\/p>","protected":false},"excerpt":{"rendered":"<p>Rekabet Kurumu, \u0130\u015f G\u00fcc\u00fc Piyasalar\u0131ndaki Rekabet \u0130hlallerine Y\u00f6nelik K\u0131lavuz Tasla\u011f\u0131\u2019n\u0131 kamuoyu g\u00f6r\u00fc\u015f\u00fcne sunmu\u015ftur. &nbsp; Rekabet kurumu taraf\u0131ndan yap\u0131lan a\u00e7\u0131klama kapsam\u0131nda, eme\u011fe y\u00f6nelik rekabetin esas oldu\u011fu i\u015f g\u00fcc\u00fc piyasalar\u0131n\u0131n temel yap\u0131sal \u00f6zelli\u011fi \u00e7ok say\u0131da \u00e7al\u0131\u015fan kar\u015f\u0131s\u0131nda az say\u0131da i\u015fverenin faaliyet g\u00f6stermesi oldu\u011fu belirtilmi\u015ftir. Bu \u00f6zelli\u011fin pazarda, \u00e7al\u0131\u015fanlar\u0131n \u00fccret ve di\u011fer \u00e7al\u0131\u015fma ko\u015fullar\u0131na y\u00f6nelik i\u015fveren lehine bir [&hellip;]<\/p>","protected":false},"author":1,"featured_media":0,"comment_status":"closed","ping_status":"closed","sticky":false,"template":"","format":"standard","meta":[],"categories":[10],"tags":[13],"_links":{"self":[{"href":"https:\/\/www.eyuboglu.av.tr\/en\/wp-json\/wp\/v2\/posts\/1198"}],"collection":[{"href":"https:\/\/www.eyuboglu.av.tr\/en\/wp-json\/wp\/v2\/posts"}],"about":[{"href":"https:\/\/www.eyuboglu.av.tr\/en\/wp-json\/wp\/v2\/types\/post"}],"author":[{"embeddable":true,"href":"https:\/\/www.eyuboglu.av.tr\/en\/wp-json\/wp\/v2\/users\/1"}],"replies":[{"embeddable":true,"href":"https:\/\/www.eyuboglu.av.tr\/en\/wp-json\/wp\/v2\/comments?post=1198"}],"version-history":[{"count":1,"href":"https:\/\/www.eyuboglu.av.tr\/en\/wp-json\/wp\/v2\/posts\/1198\/revisions"}],"predecessor-version":[{"id":1199,"href":"https:\/\/www.eyuboglu.av.tr\/en\/wp-json\/wp\/v2\/posts\/1198\/revisions\/1199"}],"wp:attachment":[{"href":"https:\/\/www.eyuboglu.av.tr\/en\/wp-json\/wp\/v2\/media?parent=1198"}],"wp:term":[{"taxonomy":"category","embeddable":true,"href":"https:\/\/www.eyuboglu.av.tr\/en\/wp-json\/wp\/v2\/categories?post=1198"},{"taxonomy":"post_tag","embeddable":true,"href":"https:\/\/www.eyuboglu.av.tr\/en\/wp-json\/wp\/v2\/tags?post=1198"}],"curies":[{"name":"wp","href":"https:\/\/api.w.org\/{rel}","templated":true}]}}